{"id":626,"date":"2012-05-24T11:49:52","date_gmt":"2012-05-24T10:49:52","guid":{"rendered":"http:\/\/www.widemann.net\/wp-fr\/?p=626"},"modified":"2012-05-24T11:49:52","modified_gmt":"2012-05-24T10:49:52","slug":"concerts-de-juin-2","status":"publish","type":"post","link":"https:\/\/widemann.net\/wp-fr\/concerts-de-juin-2\/","title":{"rendered":"Concerts de juin"},"content":{"rendered":"<p>Je m&#8217;aper\u00e7ois que j&#8217;ai zapp\u00e9 les concerts de mai, d\u00e9sol\u00e9 ! Le quartet \u201cTribute to Tony Williams\u201d a \u00e9t\u00e9 film\u00e9 au Caveau des Oubliettes, ce tr\u00e8s bon moment sera bient\u00f4t sur vos \u00e9crans !<\/p>\n<figure id=\"attachment_631\" aria-describedby=\"caption-attachment-631\" style=\"width: 212px\" class=\"wp-caption alignright\"><img loading=\"lazy\" decoding=\"async\" class=\"size-full wp-image-631  \" title=\"Klaus Blasquiz\" src=\"http:\/\/www.widemann.net\/wp-fr\/wp-content\/uploads\/2012\/05\/klaus.jpg\" alt=\"Klaus Blasquiz\" width=\"212\" height=\"141\" srcset=\"https:\/\/widemann.net\/wp-fr\/wp-content\/uploads\/2012\/05\/klaus.jpg 600w, https:\/\/widemann.net\/wp-fr\/wp-content\/uploads\/2012\/05\/klaus-300x200.jpg 300w\" sizes=\"auto, (max-width: 212px) 85vw, 212px\" \/><figcaption id=\"caption-attachment-631\" class=\"wp-caption-text\">Klaus Blasquiz<\/figcaption><\/figure>\n<p>En juin :<\/p>\n<p>\u2014 Le 1er aux <a href=\"http:\/\/www.auxpetitsjoueurs.com\/\">Petits Joueurs<\/a>, avec <a href=\"http:\/\/www.jimidrouillard.com\/\">Jimi Drouillard &amp; Friends<\/a>. Rien que du bon !<\/p>\n<p>\u2014 Le 19 au <a href=\"http:\/\/www.lebaisersale.com\/construct.php?page=pgm&amp;idpgm=4637\">Baiser Sal\u00e9<\/a>, <a href=\"http:\/\/www.myspace.com\/maisonklaus\/music\">Maison Klaus<\/a>. Concert exceptionnel pour l&#8217;anniversaire de Klaus Blasquiz, avec des surprises ! La\u00a0<a href=\"http:\/\/www.moxity.com\/events\/maison-klaus-invite-benoit-widemann_8\">r\u00e9servation<\/a>\u00a0est conseill\u00e9e.<\/p>\n<p>\u2014 Du 20 au 22 \u00e0 <a href=\"http:\/\/www.lanotebleue.mc\/\">La Note Bleue<\/a> (Monaco), trois concerts avec <a href=\"http:\/\/www.lanotebleue.mc\/#\/les_concerts\/programme\/nicolas_viccaro_friends\/\">Nicolas Viccaro &amp; Friends<\/a>. Un quartet \u201cfusion\u201d\u00a0formidable, qui pr\u00e9sente des compositions de chacun, ainsi que des reprises du \u201cTribute to Tony Williams\u201d.<\/p>\n","protected":false},"excerpt":{"rendered":"<p>Je m&#8217;aper\u00e7ois que j&#8217;ai zapp\u00e9 les concerts de mai, d\u00e9sol\u00e9 ! Le quartet \u201cTribute to Tony Williams\u201d a \u00e9t\u00e9 film\u00e9 au Caveau des Oubliettes, ce tr\u00e8s bon moment sera bient\u00f4t sur vos \u00e9crans ! En juin : \u2014 Le 1er aux Petits Joueurs, avec Jimi Drouillard &amp; Friends. Rien que du bon ! \u2014 Le &hellip; <a href=\"https:\/\/widemann.net\/wp-fr\/concerts-de-juin-2\/\" class=\"more-link\">Continue reading<span class=\"screen-reader-text\"> &#8220;Concerts de juin&#8221;<\/span><\/a><\/p>\n","protected":false},"author":1,"featured_media":0,"comment_status":"closed","ping_status":"open","sticky":false,"template":"","format":"standard","meta":{"footnotes":""},"categories":[31],"tags":[41],"class_list":["post-626","post","type-post","status-publish","format-standard","hentry","category-musique","tag-concerts"],"_links":{"self":[{"href":"https:\/\/widemann.net\/wp-fr\/wp-json\/wp\/v2\/posts\/626","targetHints":{"allow":["GET"]}}],"collection":[{"href":"https:\/\/widemann.net\/wp-fr\/wp-json\/wp\/v2\/posts"}],"about":[{"href":"https:\/\/widemann.net\/wp-fr\/wp-json\/wp\/v2\/types\/post"}],"author":[{"embeddable":true,"href":"https:\/\/widemann.net\/wp-fr\/wp-json\/wp\/v2\/users\/1"}],"replies":[{"embeddable":true,"href":"https:\/\/widemann.net\/wp-fr\/wp-json\/wp\/v2\/comments?post=626"}],"version-history":[{"count":0,"href":"https:\/\/widemann.net\/wp-fr\/wp-json\/wp\/v2\/posts\/626\/revisions"}],"wp:attachment":[{"href":"https:\/\/widemann.net\/wp-fr\/wp-json\/wp\/v2\/media?parent=626"}],"wp:term":[{"taxonomy":"category","embeddable":true,"href":"https:\/\/widemann.net\/wp-fr\/wp-json\/wp\/v2\/categories?post=626"},{"taxonomy":"post_tag","embeddable":true,"href":"https:\/\/widemann.net\/wp-fr\/wp-json\/wp\/v2\/tags?post=626"}],"curies":[{"name":"wp","href":"https:\/\/api.w.org\/{rel}","templated":true}]}}