{"id":615,"date":"2012-04-01T13:23:06","date_gmt":"2012-04-01T12:23:06","guid":{"rendered":"http:\/\/www.widemann.net\/wp-fr\/?p=615"},"modified":"2012-04-01T13:23:06","modified_gmt":"2012-04-01T12:23:06","slug":"navigation-rapide-dans-ical","status":"publish","type":"post","link":"https:\/\/widemann.net\/wp-fr\/navigation-rapide-dans-ical\/","title":{"rendered":"Navigation rapide dans iCal"},"content":{"rendered":"<p>La version d\u2019iCal apparue avec Mac OS X 10.7 \u201cLion\u201d a subi un s\u00e9rieux lifting. Que l\u2019on aime ou non le r\u00e9sultat, il reste la lenteur effroyable de l\u2019animation lorsqu\u2019on navigue de mois en mois. Et cet effet exag\u00e9r\u00e9 ne semble pas disposer de pr\u00e9f\u00e9rences pour le r\u00e9gler ou le faire dispara\u00eetre.<!--more--><\/p>\n<p>Si le changement de mois est d\u00e9clench\u00e9 \u00e0 la souris, il est possible de maintenir la touche option (\u2325 alt) press\u00e9e pour \u00e9viter l\u2019animation. Mais les raccourcis commande-fl\u00e8ches gauche et droite (\u2318\u2190 et \u2318\u2192) ne fonctionnent plus lorsque la touche option est press\u00e9e.<\/p>\n<p>On peut modifier ces raccourcis dans les pr\u00e9f\u00e9rences syst\u00e8me, dans \u201cClavier\u201d puis \u201cRaccourcis clavier\u201d. S\u00e9lectionner \u00e0 gauche la section \u201cRaccourcis de l\u2019application\u201d puis cliquer sur \u201c+\u201d pour cr\u00e9er un nouveau raccourci.<\/p>\n<p style=\"text-align: center;\"><img loading=\"lazy\" decoding=\"async\" class=\"size-full wp-image-616 aligncenter\" title=\"ical2\" src=\"http:\/\/www.widemann.net\/wp-fr\/wp-content\/uploads\/2012\/04\/ical2.jpg\" alt=\"\" width=\"410\" height=\"209\" srcset=\"https:\/\/widemann.net\/wp-fr\/wp-content\/uploads\/2012\/04\/ical2.jpg 410w, https:\/\/widemann.net\/wp-fr\/wp-content\/uploads\/2012\/04\/ical2-300x152.jpg 300w\" sizes=\"auto, (max-width: 410px) 85vw, 410px\" \/><\/p>\n<p>Dans le dialogue, indiquer les informations suivantes :<\/p>\n<ul>\n<li>pr\u00e9ciser que le raccourci est destin\u00e9 \u00e0 iCal uniquement,<\/li>\n<li>entrer le libell\u00e9 exact de la commande telle qu\u2019elle appara\u00eet dans le menu Pr\u00e9sentation d\u2019iCal,<\/li>\n<li>taper le raccourci : option-commande-fl\u00e8che de gauche (\u2325\u2318\u2190),<\/li>\n<li>cliquer sur \u201cAjouter\u201d pour cr\u00e9er le raccourci,<\/li>\n<li>recommencer pour la commande \u201cSuivant\u201d avec la fl\u00e8che de droite.<\/li>\n<\/ul>\n<p>Ces raccourcis modifi\u00e9s obligent d\u00e9sormais \u00e0 presser commande et option, mais <strong>l\u2019animation a disparu puisque la touche option est press\u00e9e !<\/strong> La navigation de mois en mois est instantan\u00e9e.<\/p>\n<p>&nbsp;<\/p>\n","protected":false},"excerpt":{"rendered":"<p>La version d\u2019iCal apparue avec Mac OS X 10.7 \u201cLion\u201d a subi un s\u00e9rieux lifting. Que l\u2019on aime ou non le r\u00e9sultat, il reste la lenteur effroyable de l\u2019animation lorsqu\u2019on navigue de mois en mois. Et cet effet exag\u00e9r\u00e9 ne semble pas disposer de pr\u00e9f\u00e9rences pour le r\u00e9gler ou le faire dispara\u00eetre.<\/p>\n","protected":false},"author":1,"featured_media":0,"comment_status":"closed","ping_status":"open","sticky":false,"template":"","format":"standard","meta":{"footnotes":""},"categories":[29],"tags":[44,47],"class_list":["post-615","post","type-post","status-publish","format-standard","hentry","category-logiciels","tag-ical","tag-lion"],"_links":{"self":[{"href":"https:\/\/widemann.net\/wp-fr\/wp-json\/wp\/v2\/posts\/615","targetHints":{"allow":["GET"]}}],"collection":[{"href":"https:\/\/widemann.net\/wp-fr\/wp-json\/wp\/v2\/posts"}],"about":[{"href":"https:\/\/widemann.net\/wp-fr\/wp-json\/wp\/v2\/types\/post"}],"author":[{"embeddable":true,"href":"https:\/\/widemann.net\/wp-fr\/wp-json\/wp\/v2\/users\/1"}],"replies":[{"embeddable":true,"href":"https:\/\/widemann.net\/wp-fr\/wp-json\/wp\/v2\/comments?post=615"}],"version-history":[{"count":0,"href":"https:\/\/widemann.net\/wp-fr\/wp-json\/wp\/v2\/posts\/615\/revisions"}],"wp:attachment":[{"href":"https:\/\/widemann.net\/wp-fr\/wp-json\/wp\/v2\/media?parent=615"}],"wp:term":[{"taxonomy":"category","embeddable":true,"href":"https:\/\/widemann.net\/wp-fr\/wp-json\/wp\/v2\/categories?post=615"},{"taxonomy":"post_tag","embeddable":true,"href":"https:\/\/widemann.net\/wp-fr\/wp-json\/wp\/v2\/tags?post=615"}],"curies":[{"name":"wp","href":"https:\/\/api.w.org\/{rel}","templated":true}]}}