{"id":535,"date":"2011-10-09T02:26:36","date_gmt":"2011-10-09T01:26:36","guid":{"rendered":"http:\/\/www.widemann.net\/wp-fr\/?p=535"},"modified":"2011-10-09T02:26:36","modified_gmt":"2011-10-09T01:26:36","slug":"nouveau-cycle","status":"publish","type":"post","link":"https:\/\/widemann.net\/wp-fr\/nouveau-cycle\/","title":{"rendered":"Nouveau cycle"},"content":{"rendered":"<p>Ces derniers jours, plusieurs personnes m\u2019ont \u00e9crit pour me faire partager leurs sentiments apr\u00e8s le d\u00e9c\u00e8s de Steve Jobs, et s\u2019enqu\u00e9rir des miens. J\u2019avoue avoir du mal \u00e0 entrer dans cette danse, m\u00eame si j\u2019\u00e9tais, comme beaucoup de mes amis, un inconditionnel de ses <em>keynotes<\/em> et de sa capacit\u00e9 incroyable \u00e0 y cr\u00e9er de l\u2019\u00e9motion. Bien des artistes tueraient pour en avoir le dixi\u00e8me.<\/p>\n<p><!--more--><\/p>\n<p>Mais la mort, pour moi, ce n\u2019est pas cette occasion d\u2019orgies eulogiaques (d\u2019eulorgies\u00a0?), c\u2019est trop tard, il fallait l\u2019\u00e9lire pr\u00e9sident du monde de son vivant. La mort est par nature quelque chose de priv\u00e9, de familial, d\u2019intime, et finalement de strictement personnel. Parler \u00e0 la mort de quelqu\u2019un a bien peu d\u2019int\u00e9r\u00eat, il n\u2019y a pas besoin de l\u2019attendre pour parler de sa vie, et la mort ne fait pas dispara\u00eetre ce qu\u2019il en a fait.<\/p>\n<p>Tout a \u00e9t\u00e9 dit sur Jobs : le fond et la forme, la technique et l\u2019esth\u00e9tique, l\u2019\u00e9motion et le business. Il y a d\u2019autres paradoxes chez Apple, comme cette image tenace d\u2019une technologie verrouill\u00e9e alors m\u00eame que le c\u0153ur du syst\u00e8me est en <em>open source<\/em>, ou encore cette r\u00e9alit\u00e9 toute simple : la musique distribu\u00e9e sur iTunes n\u2019est plus prot\u00e9g\u00e9e depuis belle lurette, on sait maintenant que cette protection tant d\u00e9cri\u00e9e n\u2019\u00e9tait qu\u2019une carotte pour les majors.<\/p>\n<p><strong>N\u2019en rajoutons pas.<\/strong> Un nouveau cycle va commencer, et bien malin qui peut pr\u00e9dire. Les inventions inspir\u00e9es continueront certainement sur leur lanc\u00e9e au moins quelques temps. Ensuite, n\u2019importe quoi peut arriver. Peut-\u00eatre que Foxconn rach\u00e8tera Apple en 2020. Ou Samsung fatigu\u00e9e de courir apr\u00e8s. Ou l\u2019inverse. Allez savoir\u2026<\/p>\n<p>On peut regretter que Jobs soit rest\u00e9 un <em>focus-freak<\/em> \u00e0 ce point, qu\u2019Apple ne se soit pas int\u00e9ress\u00e9e \u00e0 d\u2019autres secteurs. C\u2019\u00e9tait sans doute n\u00e9cessaire. Toutefois il y a des pr\u00e9c\u00e9dents int\u00e9ressants de grand \u00e9cart sectoriel comme Yamaha, aussi h\u00e9g\u00e9monique avec ses motos qu\u2019avec ses instruments de musique. Par sa puissance financi\u00e8re, Apple pourrait investir d\u2019autres champs dans le futur et y apporter sa touche magique, comme elle l\u2019a r\u00e9alis\u00e9 en d\u00e9barquant dans le monde ronronnant de la t\u00e9l\u00e9phonie il y a cinq\u00a0ans \u00e0 peine. Quand on regarde autour de soi, on voit tant de choses aussi mal con\u00e7ues que les t\u00e9l\u00e9phones d\u2019avant\u00a0: t\u00e9l\u00e9visions, \u00e9lectrom\u00e9nager, domotique <em>(quelle domotique ?)<\/em>, voitures\u2026 il reste beaucoup, beaucoup de grain \u00e0 moudre.<\/p>\n<p>Je l\u2019avoue, j\u2019aimerais trouver dans mon lave-linge le m\u00eame souci du d\u00e9tail et la m\u00eame qualit\u00e9. J\u2019aimerais ne plus voir sur mon autoradio des boutons portant des libell\u00e9s incompr\u00e9hensibles <em>(mais c\u2019est quoi \u201cPTY\u201d ?)<\/em>, ni s\u2019afficher l\u2019heure de Paris en AM\/PM. Il est difficile d\u2019accepter que le reste ne suive pas, que des gens persistent \u00e0 se battre contre leur ordi \u00e0 longueur de temps, \u00e0 devoir ressortir le manuel pour r\u00e9gler leur chauffage ou faire chauffer un plat dans un micro-onde. La liste est infinie.<\/p>\n<p>Il y a du boulot. Comment on dit \u00e7a en anglais d\u00e9j\u00e0\u00a0? Je ne voulais pas entrer dans la danse, mais comment ne pas l\u2019\u00e9crire\u00a0? C\u2019est s\u00fbr qu\u2019il est mort trop t\u00f4t et qu\u2019il nous manquera, \u00e0 tous.<\/p>\n<p><strong>Dans cette longue liste de trucs pas finis, on trouve aussi les synth\u00e9tiseurs.<\/strong> Autant la mod\u00e9lisation a atteint une qualit\u00e9 extraordinaire (hello <a href=\"http:\/\/www.arturia.com\/\">Arturia<\/a>\u00a0!), autant les instruments peinent \u00e0 suivre. Apple a cr\u00e9\u00e9 une application tr\u00e8s bien pens\u00e9e pour la sc\u00e8ne, <a href=\"http:\/\/www.apple.com\/logicstudio\/mainstage\/\">Mainstage<\/a>, et quelques excellents plugins sonores. J\u2019utilise depuis quelques temps en concert le piano \u00e9lectrique de GarageBand, avec un excellent r\u00e9sultat : son \u00e9norme, latence tr\u00e8s faible, fiabilit\u00e9 parfaite. Il ne manque qu\u2019un bon clavier\u2026 quel dommage\u2026 (j\u2019en reparlerai.)<\/p>\n","protected":false},"excerpt":{"rendered":"<p>Ces derniers jours, plusieurs personnes m\u2019ont \u00e9crit pour me faire partager leurs sentiments apr\u00e8s le d\u00e9c\u00e8s de Steve Jobs, et s\u2019enqu\u00e9rir des miens. J\u2019avoue avoir du mal \u00e0 entrer dans cette danse, m\u00eame si j\u2019\u00e9tais, comme beaucoup de mes amis, un inconditionnel de ses keynotes et de sa capacit\u00e9 incroyable \u00e0 y cr\u00e9er de l\u2019\u00e9motion. &hellip; <a href=\"https:\/\/widemann.net\/wp-fr\/nouveau-cycle\/\" class=\"more-link\">Continue reading<span class=\"screen-reader-text\"> &#8220;Nouveau cycle&#8221;<\/span><\/a><\/p>\n","protected":false},"author":1,"featured_media":0,"comment_status":"open","ping_status":"open","sticky":false,"template":"","format":"standard","meta":{"footnotes":""},"categories":[29,30,31,32],"tags":[38],"class_list":["post-535","post","type-post","status-publish","format-standard","hentry","category-logiciels","category-materiel","category-musique","category-programmation","tag-apple"],"_links":{"self":[{"href":"https:\/\/widemann.net\/wp-fr\/wp-json\/wp\/v2\/posts\/535","targetHints":{"allow":["GET"]}}],"collection":[{"href":"https:\/\/widemann.net\/wp-fr\/wp-json\/wp\/v2\/posts"}],"about":[{"href":"https:\/\/widemann.net\/wp-fr\/wp-json\/wp\/v2\/types\/post"}],"author":[{"embeddable":true,"href":"https:\/\/widemann.net\/wp-fr\/wp-json\/wp\/v2\/users\/1"}],"replies":[{"embeddable":true,"href":"https:\/\/widemann.net\/wp-fr\/wp-json\/wp\/v2\/comments?post=535"}],"version-history":[{"count":0,"href":"https:\/\/widemann.net\/wp-fr\/wp-json\/wp\/v2\/posts\/535\/revisions"}],"wp:attachment":[{"href":"https:\/\/widemann.net\/wp-fr\/wp-json\/wp\/v2\/media?parent=535"}],"wp:term":[{"taxonomy":"category","embeddable":true,"href":"https:\/\/widemann.net\/wp-fr\/wp-json\/wp\/v2\/categories?post=535"},{"taxonomy":"post_tag","embeddable":true,"href":"https:\/\/widemann.net\/wp-fr\/wp-json\/wp\/v2\/tags?post=535"}],"curies":[{"name":"wp","href":"https:\/\/api.w.org\/{rel}","templated":true}]}}